{"id":19,"date":"2020-12-15T13:50:00","date_gmt":"2020-12-15T12:50:00","guid":{"rendered":"https:\/\/east-frisia.de\/bensersiel\/?p=19"},"modified":"2024-06-06T09:42:40","modified_gmt":"2024-06-06T07:42:40","slug":"captains-bensersiel","status":"publish","type":"post","link":"https:\/\/east-frisia.de\/bensersiel\/captains-bensersiel\/","title":{"rendered":"Captains Bensersiel &#8211; Tanz und Abendlokal Bensersiel"},"content":{"rendered":"\n<p><strong><a href=\"https:\/\/east-frisia.de\/\">Home<\/a> &gt; <a href=\"https:\/\/east-frisia.de\/bensersiel\/\">Bensersiel<\/a> &gt; Captains Bensersiel<\/strong><\/p>\n\n\n\n<hr class=\"wp-block-separator has-alpha-channel-opacity\"\/>\n\n\n\n<p>Am Freitag, kurz vor Mitternacht, ereignete sich im beliebten Abendlokal Captains in Bensersiel ein tragisches Ereignis. Unbekannte T\u00e4ter drangen in die Gastst\u00e4tte ein, nachdem sie gewaltsam eine T\u00fcr aufgebrochen hatten, und legten daraufhin ein Feuer. Die Brandmeldeanlage schlug sofort Alarm und alarmierte die \u00f6rtliche Feuerwehr, die schnell zur Stelle war, um den Brand zu l\u00f6schen.<\/p>\n\n\n\n<figure class=\"wp-block-image size-full alignnone\"><img loading=\"lazy\" decoding=\"async\" width=\"640\" height=\"480\" src=\"https:\/\/east-frisia.de\/bensersiel\/wp-content\/uploads\/sites\/2\/2022\/06\/Captains-Bensersiel.jpg\" alt=\"Captans Bensersiel\" class=\"wp-image-23\" srcset=\"https:\/\/east-frisia.de\/bensersiel\/wp-content\/uploads\/sites\/2\/2022\/06\/Captains-Bensersiel.jpg 640w, https:\/\/east-frisia.de\/bensersiel\/wp-content\/uploads\/sites\/2\/2022\/06\/Captains-Bensersiel-300x225.jpg 300w\" sizes=\"auto, (max-width: 640px) 100vw, 640px\" \/><figcaption class=\"wp-element-caption\"><em>Captains Bensersiel<\/em><\/figcaption><\/figure>\n\n\n\n<h3 class=\"wp-block-heading\">Captains Bensersiel: Verheerende Sch\u00e4den und ungewisse Zukunft<\/h3>\n\n\n\n<p>Trotz des schnellen Eingreifens der Feuerwehr konnte das Feuer betr\u00e4chtlichen Schaden anrichten. Die Folgen dieses verheerenden Brandes haben weitreichende Konsequenzen f\u00fcr das Captains Bensersiel. Dieses Abendlokal, bekannt f\u00fcr seine lebhafte Atmosph\u00e4re und seine beliebten Tanzveranstaltungen, steht nun vor einer ungewissen Zukunft.<\/p>\n\n\n\n<h3 class=\"wp-block-heading\">Entscheidung der Kurverwaltung und Stadt Esens<\/h3>\n\n\n\n<figure class=\"wp-block-embed is-type-video is-provider-youtube wp-block-embed-youtube wp-embed-aspect-4-3 wp-has-aspect-ratio\"><div class=\"wp-block-embed__wrapper\">\n<iframe loading=\"lazy\" title=\"Im Captains\" width=\"500\" height=\"375\" src=\"https:\/\/www.youtube.com\/embed\/sQyVAUWHy_Y?feature=oembed\" frameborder=\"0\" allow=\"accelerometer; autoplay; clipboard-write; encrypted-media; gyroscope; picture-in-picture; web-share\" referrerpolicy=\"strict-origin-when-cross-origin\" allowfullscreen><\/iframe>\n<\/div><figcaption class=\"wp-element-caption\"><em>Captains Bensersiel<\/em><\/figcaption><\/figure>\n\n\n\n<p>Die Kurverwaltung und die Stadt Esens haben bereits erkl\u00e4rt, dass das Captains Bensersiel geschlossen bleiben soll. Diese Entscheidung f\u00e4llt schwer, da das Lokal seit Jahren ein fester Bestandteil des sozialen und kulturellen Lebens in Bensersiel war. Viele Einheimische und Touristen kamen hierher, um gesellige Abende zu verbringen, zu tanzen und die Gemeinschaft zu genie\u00dfen.<\/p>\n\n\n\n<h3 class=\"wp-block-heading\">Bedeutung des Captains Bensersiel<\/h3>\n\n\n\n<p>Das Captains Bensersiel war mehr als nur ein Ort zum Essen und Trinken; es war ein Ort, an dem Freundschaften geschlossen und unvergessliche Erinnerungen geschaffen wurden. Der Verlust dieser Institution hinterl\u00e4sst eine L\u00fccke im Herzen der Gemeinde.<\/p>\n\n\n\n<h3 class=\"wp-block-heading\">Fragliche Wiederer\u00f6ffnung vom Abendlokal<\/h3>\n\n\n\n<p>Ob das Captains jemals wieder seine T\u00fcren \u00f6ffnen wird, bleibt fraglich. Die Sch\u00e4den durch den Brand sind erheblich, und die wirtschaftlichen Herausforderungen, die mit der Restaurierung und Wiederer\u00f6ffnung verbunden sind, sind nicht zu untersch\u00e4tzen. Hinzu kommt die Unsicherheit, ob die notwendigen Sicherheitsvorkehrungen getroffen werden k\u00f6nnen, um ein solches Ereignis in Zukunft zu verhindern.<\/p>\n\n\n\n<h3 class=\"wp-block-heading\">Ermittlungen und Aufruf zur Mithilfe<\/h3>\n\n\n\n<p>Die Ermittlungen zu den T\u00e4tern laufen auf Hochtouren, doch bisher gibt es keine konkreten Hinweise auf ihre Identit\u00e4t. Die Polizei bittet die Bev\u00f6lkerung um Mithilfe und Hinweise, die zur Aufkl\u00e4rung des Falls beitragen k\u00f6nnten.<\/p>\n\n\n\n<h3 class=\"wp-block-heading\">Ein schwerer Schlag f\u00fcr die Gemeinschaft<\/h3>\n\n\n\n<p>F\u00fcr die vielen Stammg\u00e4ste und Mitarbeiter des Captains ist dies ein schwerer Schlag. Das Lokal war ein zentraler Treffpunkt, an dem man den Alltag hinter sich lassen und in geselliger Runde entspannen konnte. Nun bleibt ihnen nur die Hoffnung, dass das Captains eines Tages wiederer\u00f6ffnet und die Gemeinschaft erneut zusammenbringen kann.<\/p>\n\n\n\n<h3 class=\"wp-block-heading\">Captains Bensersiel: Erinnerungen an bessere Zeiten<\/h3>\n\n\n\n<p>Bis dahin bleibt das Captains ein Ort der Erinnerung und der Sehnsucht, ein Symbol f\u00fcr die vielen sch\u00f6nen Momente, die dort verbracht wurden. Die Entscheidung der Kurverwaltung und der Stadt Esens, das Lokal geschlossen zu halten, markiert das Ende einer \u00c4ra \u2013 doch die Erinnerungen an die unvergesslichen Abende im Captains werden weiterleben.<\/p>\n\n\n\n<h3 class=\"wp-block-heading\">Captain\u00b4s Bensersiel Adresse<\/h3>\n\n\n\n<p>Captain\u00b4s Bensersiel<br>Am Hafen 5<br>26427 Bensersiel<\/p>\n\n\n\n<h3 class=\"wp-block-heading\">Informationen zum Brand \/ Brandstiftung im Captains<\/h3>\n\n\n\n<p><a href=\"https:\/\/www.facebook.com\/Captains.Nachtclub\/\" target=\"_blank\" rel=\"noreferrer noopener\">https:\/\/www.facebook.com\/Captains.Nachtclub\/<\/a><\/p>\n\n\n\n<h4 class=\"wp-block-heading\">Auch interessant<\/h4>\n\n\n\n<ul class=\"wp-block-list\">\n<li><strong><a href=\"https:\/\/east-frisia.de\/bensersiel\/bensersiel-camping\/\">Bensersiel Camping<\/a><\/strong><\/li>\n\n\n\n<li><strong><a href=\"https:\/\/east-frisia.de\/bensersiel\/stadtfuehrung-esens\/\">Stadtf\u00fchrung Esens \u2013 Esens-Bensersiel Video<\/a><\/strong><\/li>\n\n\n\n<li><a href=\"https:\/\/east-frisia.de\/bensersiel\/cafe-bensersiel\/\"><strong>Bensersiel Cafe am Yachtafen direkt am Bensersieler Hafen<\/strong><\/a><\/li>\n\n\n\n<li><strong><a href=\"https:\/\/east-frisia.de\/bensersiel\/ferienhof-rixte\/\">Ferienhof Rixte in Esens<\/a><\/strong><\/li>\n\n\n\n<li><strong><a href=\"https:\/\/east-frisia.de\/bensersiel\/webcam-bensersiel\/\">Webcam Bensersiel<\/a><\/strong><\/li>\n<\/ul>\n","protected":false},"excerpt":{"rendered":"<p>Home &gt; Bensersiel &gt; Captains Bensersiel Am Freitag, kurz vor Mitternacht, ereignete sich im beliebten Abendlokal Captains in Bensersiel ein tragisches Ereignis. Unbekannte T\u00e4ter drangen in die Gastst\u00e4tte ein, nachdem sie gewaltsam eine T\u00fcr aufgebrochen hatten, und legten daraufhin ein Feuer. Die Brandmeldeanlage schlug sofort Alarm und alarmierte die \u00f6rtliche Feuerwehr, die schnell zur Stelle &#8230; <a title=\"Captains Bensersiel &#8211; Tanz und Abendlokal Bensersiel\" class=\"read-more\" href=\"https:\/\/east-frisia.de\/bensersiel\/captains-bensersiel\/\" aria-label=\"Mehr zu Captains Bensersiel &#8211; Tanz und Abendlokal Bensersiel\">Weiterlesen &#8230;<\/a><\/p>\n","protected":false},"author":1,"featured_media":131,"comment_status":"closed","ping_status":"closed","sticky":false,"template":"","format":"standard","meta":{"_lmt_disableupdate":"","_lmt_disable":"","footnotes":""},"categories":[1],"tags":[],"class_list":["post-19","post","type-post","status-publish","format-standard","has-post-thumbnail","hentry","category-bensersiel","wpcat-1-id"],"yoast_head":"<!-- This site is optimized with the Yoast SEO plugin v27.5 - https:\/\/yoast.com\/product\/yoast-seo-wordpress\/ -->\n<title>Captains Bensersiel - Tanz und Abendlokal Bensersiel<\/title>\n<meta name=\"description\" content=\"Das beliebte Tanz und Abendlokal Captains Bensersiel soll seitens der Kurverwaltung und der Stadt Esens geschlossen werden\" \/>\n<meta name=\"robots\" content=\"index, follow, max-snippet:-1, max-image-preview:large, max-video-preview:-1\" \/>\n<link rel=\"canonical\" href=\"https:\/\/east-frisia.de\/bensersiel\/captains-bensersiel\/\" \/>\n<meta property=\"og:locale\" content=\"de_DE\" \/>\n<meta property=\"og:type\" content=\"article\" \/>\n<meta property=\"og:title\" content=\"Captains Bensersiel - Tanz und Abendlokal Bensersiel\" \/>\n<meta property=\"og:description\" content=\"Das beliebte Tanz und Abendlokal Captains Bensersiel soll seitens der Kurverwaltung und der Stadt Esens geschlossen werden\" \/>\n<meta property=\"og:url\" content=\"https:\/\/east-frisia.de\/bensersiel\/captains-bensersiel\/\" \/>\n<meta property=\"og:site_name\" content=\"Bensersiel - Urlaub an der Nordsee\" \/>\n<meta property=\"article:published_time\" content=\"2020-12-15T12:50:00+00:00\" \/>\n<meta property=\"article:modified_time\" content=\"2024-06-06T07:42:40+00:00\" \/>\n<meta property=\"og:image\" content=\"https:\/\/east-frisia.de\/bensersiel\/wp-content\/uploads\/sites\/2\/2022\/07\/captans-bensersiel-tanz-und-aben.jpg\" \/>\n\t<meta property=\"og:image:width\" content=\"480\" \/>\n\t<meta property=\"og:image:height\" content=\"360\" \/>\n\t<meta property=\"og:image:type\" content=\"image\/jpeg\" \/>\n<meta name=\"author\" content=\"Admin\" \/>\n<meta name=\"twitter:card\" content=\"summary_large_image\" \/>\n<meta name=\"twitter:label1\" content=\"Verfasst von\" \/>\n\t<meta name=\"twitter:data1\" content=\"Admin\" \/>\n\t<meta name=\"twitter:label2\" content=\"Gesch\u00e4tzte Lesezeit\" \/>\n\t<meta name=\"twitter:data2\" content=\"3\u00a0Minuten\" \/>\n<script type=\"application\/ld+json\" class=\"yoast-schema-graph\">{\"@context\":\"https:\\\/\\\/schema.org\",\"@graph\":[{\"@type\":\"Article\",\"@id\":\"https:\\\/\\\/east-frisia.de\\\/bensersiel\\\/captains-bensersiel\\\/#article\",\"isPartOf\":{\"@id\":\"https:\\\/\\\/east-frisia.de\\\/bensersiel\\\/captains-bensersiel\\\/\"},\"author\":{\"name\":\"Admin\",\"@id\":\"https:\\\/\\\/east-frisia.de\\\/bensersiel\\\/#\\\/schema\\\/person\\\/663d1fd7cddd40aa86fac10c34eb6eb9\"},\"headline\":\"Captains Bensersiel &#8211; Tanz und Abendlokal Bensersiel\",\"datePublished\":\"2020-12-15T12:50:00+00:00\",\"dateModified\":\"2024-06-06T07:42:40+00:00\",\"mainEntityOfPage\":{\"@id\":\"https:\\\/\\\/east-frisia.de\\\/bensersiel\\\/captains-bensersiel\\\/\"},\"wordCount\":512,\"image\":{\"@id\":\"https:\\\/\\\/east-frisia.de\\\/bensersiel\\\/captains-bensersiel\\\/#primaryimage\"},\"thumbnailUrl\":\"https:\\\/\\\/east-frisia.de\\\/bensersiel\\\/wp-content\\\/uploads\\\/sites\\\/2\\\/2022\\\/07\\\/captans-bensersiel-tanz-und-aben.jpg\",\"articleSection\":[\"Bensersiel\"],\"inLanguage\":\"de\"},{\"@type\":\"WebPage\",\"@id\":\"https:\\\/\\\/east-frisia.de\\\/bensersiel\\\/captains-bensersiel\\\/\",\"url\":\"https:\\\/\\\/east-frisia.de\\\/bensersiel\\\/captains-bensersiel\\\/\",\"name\":\"Captains Bensersiel - Tanz und Abendlokal Bensersiel\",\"isPartOf\":{\"@id\":\"https:\\\/\\\/east-frisia.de\\\/bensersiel\\\/#website\"},\"primaryImageOfPage\":{\"@id\":\"https:\\\/\\\/east-frisia.de\\\/bensersiel\\\/captains-bensersiel\\\/#primaryimage\"},\"image\":{\"@id\":\"https:\\\/\\\/east-frisia.de\\\/bensersiel\\\/captains-bensersiel\\\/#primaryimage\"},\"thumbnailUrl\":\"https:\\\/\\\/east-frisia.de\\\/bensersiel\\\/wp-content\\\/uploads\\\/sites\\\/2\\\/2022\\\/07\\\/captans-bensersiel-tanz-und-aben.jpg\",\"datePublished\":\"2020-12-15T12:50:00+00:00\",\"dateModified\":\"2024-06-06T07:42:40+00:00\",\"author\":{\"@id\":\"https:\\\/\\\/east-frisia.de\\\/bensersiel\\\/#\\\/schema\\\/person\\\/663d1fd7cddd40aa86fac10c34eb6eb9\"},\"description\":\"Das beliebte Tanz und Abendlokal Captains Bensersiel soll seitens der Kurverwaltung und der Stadt Esens geschlossen werden\",\"breadcrumb\":{\"@id\":\"https:\\\/\\\/east-frisia.de\\\/bensersiel\\\/captains-bensersiel\\\/#breadcrumb\"},\"inLanguage\":\"de\",\"potentialAction\":[{\"@type\":\"ReadAction\",\"target\":[\"https:\\\/\\\/east-frisia.de\\\/bensersiel\\\/captains-bensersiel\\\/\"]}]},{\"@type\":\"ImageObject\",\"inLanguage\":\"de\",\"@id\":\"https:\\\/\\\/east-frisia.de\\\/bensersiel\\\/captains-bensersiel\\\/#primaryimage\",\"url\":\"https:\\\/\\\/east-frisia.de\\\/bensersiel\\\/wp-content\\\/uploads\\\/sites\\\/2\\\/2022\\\/07\\\/captans-bensersiel-tanz-und-aben.jpg\",\"contentUrl\":\"https:\\\/\\\/east-frisia.de\\\/bensersiel\\\/wp-content\\\/uploads\\\/sites\\\/2\\\/2022\\\/07\\\/captans-bensersiel-tanz-und-aben.jpg\",\"width\":480,\"height\":360},{\"@type\":\"BreadcrumbList\",\"@id\":\"https:\\\/\\\/east-frisia.de\\\/bensersiel\\\/captains-bensersiel\\\/#breadcrumb\",\"itemListElement\":[{\"@type\":\"ListItem\",\"position\":1,\"name\":\"Startseite\",\"item\":\"https:\\\/\\\/east-frisia.de\\\/bensersiel\\\/\"},{\"@type\":\"ListItem\",\"position\":2,\"name\":\"Captains Bensersiel &#8211; Tanz und Abendlokal Bensersiel\"}]},{\"@type\":\"WebSite\",\"@id\":\"https:\\\/\\\/east-frisia.de\\\/bensersiel\\\/#website\",\"url\":\"https:\\\/\\\/east-frisia.de\\\/bensersiel\\\/\",\"name\":\"Bensersiel - Urlaub an der Nordsee\",\"description\":\"Bensersiel - Nordseeurlaub\",\"potentialAction\":[{\"@type\":\"SearchAction\",\"target\":{\"@type\":\"EntryPoint\",\"urlTemplate\":\"https:\\\/\\\/east-frisia.de\\\/bensersiel\\\/?s={search_term_string}\"},\"query-input\":{\"@type\":\"PropertyValueSpecification\",\"valueRequired\":true,\"valueName\":\"search_term_string\"}}],\"inLanguage\":\"de\"},{\"@type\":\"Person\",\"@id\":\"https:\\\/\\\/east-frisia.de\\\/bensersiel\\\/#\\\/schema\\\/person\\\/663d1fd7cddd40aa86fac10c34eb6eb9\",\"name\":\"Admin\",\"image\":{\"@type\":\"ImageObject\",\"inLanguage\":\"de\",\"@id\":\"https:\\\/\\\/secure.gravatar.com\\\/avatar\\\/834f2f8fc05166177e7589f35d7583428ca92ef0142e86f8d6f9bca5a9ee8014?s=96&d=mm&r=g\",\"url\":\"https:\\\/\\\/secure.gravatar.com\\\/avatar\\\/834f2f8fc05166177e7589f35d7583428ca92ef0142e86f8d6f9bca5a9ee8014?s=96&d=mm&r=g\",\"contentUrl\":\"https:\\\/\\\/secure.gravatar.com\\\/avatar\\\/834f2f8fc05166177e7589f35d7583428ca92ef0142e86f8d6f9bca5a9ee8014?s=96&d=mm&r=g\",\"caption\":\"Admin\"},\"sameAs\":[\"http:\\\/\\\/www.east-frisia.de\"],\"url\":\"https:\\\/\\\/east-frisia.de\\\/bensersiel\\\/author\\\/admin\\\/\"}]}<\/script>\n<!-- \/ Yoast SEO plugin. -->","yoast_head_json":{"title":"Captains Bensersiel - Tanz und Abendlokal Bensersiel","description":"Das beliebte Tanz und Abendlokal Captains Bensersiel soll seitens der Kurverwaltung und der Stadt Esens geschlossen werden","robots":{"index":"index","follow":"follow","max-snippet":"max-snippet:-1","max-image-preview":"max-image-preview:large","max-video-preview":"max-video-preview:-1"},"canonical":"https:\/\/east-frisia.de\/bensersiel\/captains-bensersiel\/","og_locale":"de_DE","og_type":"article","og_title":"Captains Bensersiel - Tanz und Abendlokal Bensersiel","og_description":"Das beliebte Tanz und Abendlokal Captains Bensersiel soll seitens der Kurverwaltung und der Stadt Esens geschlossen werden","og_url":"https:\/\/east-frisia.de\/bensersiel\/captains-bensersiel\/","og_site_name":"Bensersiel - Urlaub an der Nordsee","article_published_time":"2020-12-15T12:50:00+00:00","article_modified_time":"2024-06-06T07:42:40+00:00","og_image":[{"width":480,"height":360,"url":"https:\/\/east-frisia.de\/bensersiel\/wp-content\/uploads\/sites\/2\/2022\/07\/captans-bensersiel-tanz-und-aben.jpg","type":"image\/jpeg"}],"author":"Admin","twitter_card":"summary_large_image","twitter_misc":{"Verfasst von":"Admin","Gesch\u00e4tzte Lesezeit":"3\u00a0Minuten"},"schema":{"@context":"https:\/\/schema.org","@graph":[{"@type":"Article","@id":"https:\/\/east-frisia.de\/bensersiel\/captains-bensersiel\/#article","isPartOf":{"@id":"https:\/\/east-frisia.de\/bensersiel\/captains-bensersiel\/"},"author":{"name":"Admin","@id":"https:\/\/east-frisia.de\/bensersiel\/#\/schema\/person\/663d1fd7cddd40aa86fac10c34eb6eb9"},"headline":"Captains Bensersiel &#8211; Tanz und Abendlokal Bensersiel","datePublished":"2020-12-15T12:50:00+00:00","dateModified":"2024-06-06T07:42:40+00:00","mainEntityOfPage":{"@id":"https:\/\/east-frisia.de\/bensersiel\/captains-bensersiel\/"},"wordCount":512,"image":{"@id":"https:\/\/east-frisia.de\/bensersiel\/captains-bensersiel\/#primaryimage"},"thumbnailUrl":"https:\/\/east-frisia.de\/bensersiel\/wp-content\/uploads\/sites\/2\/2022\/07\/captans-bensersiel-tanz-und-aben.jpg","articleSection":["Bensersiel"],"inLanguage":"de"},{"@type":"WebPage","@id":"https:\/\/east-frisia.de\/bensersiel\/captains-bensersiel\/","url":"https:\/\/east-frisia.de\/bensersiel\/captains-bensersiel\/","name":"Captains Bensersiel - Tanz und Abendlokal Bensersiel","isPartOf":{"@id":"https:\/\/east-frisia.de\/bensersiel\/#website"},"primaryImageOfPage":{"@id":"https:\/\/east-frisia.de\/bensersiel\/captains-bensersiel\/#primaryimage"},"image":{"@id":"https:\/\/east-frisia.de\/bensersiel\/captains-bensersiel\/#primaryimage"},"thumbnailUrl":"https:\/\/east-frisia.de\/bensersiel\/wp-content\/uploads\/sites\/2\/2022\/07\/captans-bensersiel-tanz-und-aben.jpg","datePublished":"2020-12-15T12:50:00+00:00","dateModified":"2024-06-06T07:42:40+00:00","author":{"@id":"https:\/\/east-frisia.de\/bensersiel\/#\/schema\/person\/663d1fd7cddd40aa86fac10c34eb6eb9"},"description":"Das beliebte Tanz und Abendlokal Captains Bensersiel soll seitens der Kurverwaltung und der Stadt Esens geschlossen werden","breadcrumb":{"@id":"https:\/\/east-frisia.de\/bensersiel\/captains-bensersiel\/#breadcrumb"},"inLanguage":"de","potentialAction":[{"@type":"ReadAction","target":["https:\/\/east-frisia.de\/bensersiel\/captains-bensersiel\/"]}]},{"@type":"ImageObject","inLanguage":"de","@id":"https:\/\/east-frisia.de\/bensersiel\/captains-bensersiel\/#primaryimage","url":"https:\/\/east-frisia.de\/bensersiel\/wp-content\/uploads\/sites\/2\/2022\/07\/captans-bensersiel-tanz-und-aben.jpg","contentUrl":"https:\/\/east-frisia.de\/bensersiel\/wp-content\/uploads\/sites\/2\/2022\/07\/captans-bensersiel-tanz-und-aben.jpg","width":480,"height":360},{"@type":"BreadcrumbList","@id":"https:\/\/east-frisia.de\/bensersiel\/captains-bensersiel\/#breadcrumb","itemListElement":[{"@type":"ListItem","position":1,"name":"Startseite","item":"https:\/\/east-frisia.de\/bensersiel\/"},{"@type":"ListItem","position":2,"name":"Captains Bensersiel &#8211; Tanz und Abendlokal Bensersiel"}]},{"@type":"WebSite","@id":"https:\/\/east-frisia.de\/bensersiel\/#website","url":"https:\/\/east-frisia.de\/bensersiel\/","name":"Bensersiel - Urlaub an der Nordsee","description":"Bensersiel - Nordseeurlaub","potentialAction":[{"@type":"SearchAction","target":{"@type":"EntryPoint","urlTemplate":"https:\/\/east-frisia.de\/bensersiel\/?s={search_term_string}"},"query-input":{"@type":"PropertyValueSpecification","valueRequired":true,"valueName":"search_term_string"}}],"inLanguage":"de"},{"@type":"Person","@id":"https:\/\/east-frisia.de\/bensersiel\/#\/schema\/person\/663d1fd7cddd40aa86fac10c34eb6eb9","name":"Admin","image":{"@type":"ImageObject","inLanguage":"de","@id":"https:\/\/secure.gravatar.com\/avatar\/834f2f8fc05166177e7589f35d7583428ca92ef0142e86f8d6f9bca5a9ee8014?s=96&d=mm&r=g","url":"https:\/\/secure.gravatar.com\/avatar\/834f2f8fc05166177e7589f35d7583428ca92ef0142e86f8d6f9bca5a9ee8014?s=96&d=mm&r=g","contentUrl":"https:\/\/secure.gravatar.com\/avatar\/834f2f8fc05166177e7589f35d7583428ca92ef0142e86f8d6f9bca5a9ee8014?s=96&d=mm&r=g","caption":"Admin"},"sameAs":["http:\/\/www.east-frisia.de"],"url":"https:\/\/east-frisia.de\/bensersiel\/author\/admin\/"}]}},"modified_by":"Admin","_links":{"self":[{"href":"https:\/\/east-frisia.de\/bensersiel\/wp-json\/wp\/v2\/posts\/19","targetHints":{"allow":["GET"]}}],"collection":[{"href":"https:\/\/east-frisia.de\/bensersiel\/wp-json\/wp\/v2\/posts"}],"about":[{"href":"https:\/\/east-frisia.de\/bensersiel\/wp-json\/wp\/v2\/types\/post"}],"author":[{"embeddable":true,"href":"https:\/\/east-frisia.de\/bensersiel\/wp-json\/wp\/v2\/users\/1"}],"replies":[{"embeddable":true,"href":"https:\/\/east-frisia.de\/bensersiel\/wp-json\/wp\/v2\/comments?post=19"}],"version-history":[{"count":10,"href":"https:\/\/east-frisia.de\/bensersiel\/wp-json\/wp\/v2\/posts\/19\/revisions"}],"predecessor-version":[{"id":245,"href":"https:\/\/east-frisia.de\/bensersiel\/wp-json\/wp\/v2\/posts\/19\/revisions\/245"}],"wp:featuredmedia":[{"embeddable":true,"href":"https:\/\/east-frisia.de\/bensersiel\/wp-json\/wp\/v2\/media\/131"}],"wp:attachment":[{"href":"https:\/\/east-frisia.de\/bensersiel\/wp-json\/wp\/v2\/media?parent=19"}],"wp:term":[{"taxonomy":"category","embeddable":true,"href":"https:\/\/east-frisia.de\/bensersiel\/wp-json\/wp\/v2\/categories?post=19"},{"taxonomy":"post_tag","embeddable":true,"href":"https:\/\/east-frisia.de\/bensersiel\/wp-json\/wp\/v2\/tags?post=19"}],"curies":[{"name":"wp","href":"https:\/\/api.w.org\/{rel}","templated":true}]}}