{"id":55,"date":"2022-06-21T21:27:34","date_gmt":"2022-06-21T19:27:34","guid":{"rendered":"https:\/\/east-frisia.de\/norddeich\/?p=55"},"modified":"2024-12-09T13:22:13","modified_gmt":"2024-12-09T12:22:13","slug":"gedenkstaette-norddeich","status":"publish","type":"post","link":"https:\/\/east-frisia.de\/norddeich\/gedenkstaette-norddeich\/","title":{"rendered":"Gedenkst\u00e4tte Norddeich"},"content":{"rendered":"\n<p><strong><a href=\"https:\/\/east-frisia.de\/\">Home<\/a> > <a href=\"https:\/\/east-frisia.de\/norddeich\/category\/norddeich\/\">Norddeich<\/a> > Gedenkst\u00e4tte Norddeich<\/strong><\/p>\n\n\n\n<hr class=\"wp-block-separator has-alpha-channel-opacity\"\/>\n\n\n\n<h2 class=\"wp-block-heading\"><strong>Die Gedenkst\u00e4tte &#8222;Meeresblick&#8220; in Norddeich: Ein Ort der Erinnerung, der Trauer und des Friedens<\/strong><\/h2>\n\n\n\n<p>Die <strong>Gedenkst\u00e4tte &#8222;Meeresblick&#8220;<\/strong> im malerischen K\u00fcstenort <strong>Norddeich<\/strong>, der zur Stadt <strong>Norden<\/strong> in <strong>Niedersachsen<\/strong> geh\u00f6rt, ist ein einzigartiger Ort, der den Menschen einen Platz zum Innehalten und Gedenken bietet. In einer beeindruckenden Lage direkt an der Nordseek\u00fcste gelegen, dient die <strong>Gedenkst\u00e4tte Norddeich<\/strong> als wichtiger Anlaufpunkt f\u00fcr Angeh\u00f6rige und Freunde, die Verstorbene ehren m\u00f6chten, die durch eine <strong>Seebestattung<\/strong> ihre letzte Ruhe gefunden haben. Gleichzeitig ist sie ein symboltr\u00e4chtiger Ort, der die Verbindung zwischen Mensch, Meer und Ewigkeit sichtbar macht.<\/p>\n\n\n\n<figure class=\"wp-block-image size-full\"><img loading=\"lazy\" decoding=\"async\" width=\"640\" height=\"360\" src=\"https:\/\/east-frisia.de\/norddeich\/wp-content\/uploads\/sites\/3\/2022\/06\/Gedenkstaette-Norddeich.jpg\" alt=\"Gedenkst\u00e4tte Norddeich\" class=\"wp-image-56\" srcset=\"https:\/\/east-frisia.de\/norddeich\/wp-content\/uploads\/sites\/3\/2022\/06\/Gedenkstaette-Norddeich.jpg 640w, https:\/\/east-frisia.de\/norddeich\/wp-content\/uploads\/sites\/3\/2022\/06\/Gedenkstaette-Norddeich-300x169.jpg 300w\" sizes=\"auto, (max-width: 640px) 100vw, 640px\" \/><figcaption class=\"wp-element-caption\"><em>Gedenkst\u00e4tte Norddeich am Gr\u00fcnstrand &#8211; Seebestattung Norddeich<\/em><\/figcaption><\/figure>\n\n\n\n<hr class=\"wp-block-separator has-alpha-channel-opacity\"\/>\n\n\n\n<h3 class=\"wp-block-heading\"><strong>Ein Ort des Gedenkens: Die Gestaltung der Gedenkst\u00e4tte &#8222;Meeresblick&#8220;<\/strong><\/h3>\n\n\n\n<p>Die <strong>Gedenkst\u00e4tte &#8222;Meeresblick&#8220;<\/strong> ist in ihrer Gestaltung durchdacht und voller Symbolik. Im Mittelpunkt steht eine kunstvoll gearbeitete Granit-Stele, auf der Plaketten angebracht sind. Diese tragen die Namen und Lebensdaten der Verstorbenen, die auf See bestattet wurden. Die Stele steht als Sinnbild f\u00fcr Best\u00e4ndigkeit und Respekt inmitten der unendlichen Weite des Meeres.<\/p>\n\n\n\n<p>Ein herausragendes Element der <strong>Gedenkst\u00e4tte Norddeich<\/strong> ist ihre Form, die einem Schiffsheck nachempfunden ist. Sie symbolisiert die letzte Reise der Verstorbenen, die in der <strong>Nordsee<\/strong> ihre letzte Ruhe gefunden haben. Der freie Blick auf das Meer l\u00e4dt dazu ein, \u00fcber das Leben und den Tod nachzudenken und die Verbundenheit zwischen Mensch und Natur zu sp\u00fcren. Besucher k\u00f6nnen Blumen niederlegen oder pers\u00f6nliche Botschaften mitbringen, um einen individuellen Abschied zu gestalten.<\/p>\n\n\n\n<hr class=\"wp-block-separator has-alpha-channel-opacity\"\/>\n\n\n\n<h3 class=\"wp-block-heading\"><strong>Die Tradition der Seebestattung in Norddeich<\/strong><\/h3>\n\n\n\n<p>Die <strong>Seebestattung<\/strong> ist eine besonders w\u00fcrdevolle Form der Beisetzung, die eng mit der maritimen Kultur der Nordseek\u00fcste verbunden ist. F\u00fcr viele Menschen, die sich zu Lebzeiten mit dem Meer verbunden f\u00fchlten, stellt sie einen sinnvollen und tr\u00f6stlichen Abschied dar. In <strong>Norddeich<\/strong> wird diese Tradition von erfahrenen Reedereien wie der <strong>Seebestattungs-Reederei Norddeich<\/strong> gepflegt.<\/p>\n\n\n\n<p>Die Seebestattungen finden in der Regel auf speziell ausgestatteten Schiffen statt, darunter die bekannte <strong>MS Groninger<\/strong>, die Platz f\u00fcr bis zu 12 Angeh\u00f6rige bietet. Diese Schiffe sind so gestaltet, dass sie ein feierliches und privates Ambiente schaffen. W\u00e4hrend der Zeremonie wird die Urne des Verstorbenen ins Meer gelassen, begleitet von Blumen, pers\u00f6nlichen Abschiedsreden und oft auch von der ruhigen Musik der Wellen. F\u00fcr viele Familien ist es ein tr\u00f6stliches Ritual, anschlie\u00dfend zur <strong>Gedenkst\u00e4tte &#8222;Meeresblick&#8220;<\/strong> zu gehen, um das Andenken an ihren Angeh\u00f6rigen zu bewahren.<\/p>\n\n\n\n<hr class=\"wp-block-separator has-alpha-channel-opacity\"\/>\n\n\n\n<h3 class=\"wp-block-heading\"><strong>Eine Verbindung zwischen Natur, Ruhe und Gedenken<\/strong><\/h3>\n\n\n\n<p>Die <strong>Gedenkst\u00e4tte Norddeich<\/strong> liegt in einer Umgebung, die zur Besinnung einl\u00e4dt. Direkt am Gr\u00fcnstrand gelegen, ist der Ort von frischer Meeresluft und dem Rauschen der Wellen gepr\u00e4gt. Der Blick auf die Nordsee vermittelt ein Gef\u00fchl von Weite, Freiheit und Frieden \u2013 Eigenschaften, die viele Menschen mit der <strong>Seebestattung<\/strong> verbinden.<\/p>\n\n\n\n<p>Die N\u00e4he zur Natur macht die <strong>Gedenkst\u00e4tte &#8222;Meeresblick&#8220;<\/strong> auch zu einem beliebten Ziel f\u00fcr Spazierg\u00e4nger und Wanderer. Mehrere gut ausgebaute Wege entlang der K\u00fcste f\u00fchren an diesem besonderen Ort vorbei und laden dazu ein, innezuhalten. Ob man eine l\u00e4ngere Wanderung plant oder einfach nur einen kurzen Moment der Ruhe sucht \u2013 die <strong>Gedenkst\u00e4tte Norddeich<\/strong> bietet einen einzigartigen Rahmen.<\/p>\n\n\n\n<hr class=\"wp-block-separator has-alpha-channel-opacity\"\/>\n\n\n\n<h3 class=\"wp-block-heading\"><strong>Ein Ort f\u00fcr Touristen und Einheimische<\/strong><\/h3>\n\n\n\n<p>Die <strong>Gedenkst\u00e4tte &#8222;Meeresblick&#8220;<\/strong> ist nicht nur f\u00fcr Angeh\u00f6rige der auf See bestatteten Verstorbenen von Bedeutung, sondern auch f\u00fcr Touristen, die die kulturellen und emotionalen Facetten der Region erleben m\u00f6chten. Sie steht als Symbol f\u00fcr die enge Verbindung der Menschen in Norddeich mit dem Meer und der K\u00fcste. Neben ihrer Funktion als <strong>Gedenkst\u00e4tte<\/strong> ist sie auch ein Ort der Begegnung und ein bedeutendes kulturelles Erbe des Ortes.<\/p>\n\n\n\n<p>Viele Besucher kombinieren ihren Besuch mit einer Erkundung von Norddeich und der umliegenden Region. Der nahegelegene Hafen bietet F\u00e4hrverbindungen zu den ostfriesischen Inseln wie Norderney und Juist, w\u00e4hrend die Stadt Norden mit historischen Geb\u00e4uden, Museen und charmanten Caf\u00e9s lockt.<\/p>\n\n\n\n<hr class=\"wp-block-separator has-alpha-channel-opacity\"\/>\n\n\n\n<h3 class=\"wp-block-heading\"><strong>Praktische Informationen f\u00fcr den Besuch<\/strong><\/h3>\n\n\n\n<p>Die <strong>Gedenkst\u00e4tte Meeresblick<\/strong> ist ganzj\u00e4hrig frei zug\u00e4nglich und eignet sich sowohl f\u00fcr individuelle Besuche als auch f\u00fcr Gruppen. Der Zugang ist barrierefrei, sodass auch \u00e4ltere Menschen oder Personen mit Mobilit\u00e4tseinschr\u00e4nkungen die M\u00f6glichkeit haben, diesen besonderen Ort zu besuchen. Es empfiehlt sich, den Besuch der <strong>Gedenkst\u00e4tte Norddeich<\/strong> mit einem Spaziergang entlang des Gr\u00fcnstrandes oder einem Ausflug zu einer der benachbarten Inseln zu verbinden.<\/p>\n\n\n\n<p>F\u00fcr Interessierte, die eine <strong>Seebestattung<\/strong> planen, stehen in Norddeich mehrere Anbieter zur Verf\u00fcgung, die individuelle W\u00fcnsche ber\u00fccksichtigen. Die <strong>Seebestattungs-Reederei Norddeich<\/strong> bietet umfassende Beratung und Organisation f\u00fcr Trauerfeiern auf See. Ihre erfahrenen Teams helfen dabei, die Zeremonie so pers\u00f6nlich und respektvoll wie m\u00f6glich zu gestalten.<\/p>\n\n\n\n<hr class=\"wp-block-separator has-alpha-channel-opacity\"\/>\n\n\n\n<h3 class=\"wp-block-heading\"><strong>Die Bedeutung der Gedenkst\u00e4tte f\u00fcr die Region<\/strong><\/h3>\n\n\n\n<p>Die <strong>Gedenkst\u00e4tte &#8222;Meeresblick&#8220;<\/strong> ist ein unverzichtbarer Teil der maritimen Kultur von Norddeich. Sie erinnert nicht nur an die Verstorbenen, sondern auch an die enge Beziehung der Menschen zur See. Als Ort des Trostes, der Besinnung und des kulturellen Austauschs tr\u00e4gt sie dazu bei, die Traditionen der K\u00fcstenregion lebendig zu halten.<\/p>\n\n\n\n<p>Ob als Angeh\u00f6riger, Tourist oder Einheimischer \u2013 ein Besuch der <strong>Gedenkst\u00e4tte Norddeich<\/strong> hinterl\u00e4sst einen bleibenden Eindruck. Sie ist ein Ort, der Vergangenheit und Gegenwart verbindet und zeigt, wie bedeutsam die Rituale des Gedenkens f\u00fcr die Menschen sind.<\/p>\n\n\n\n<p>Adresse: Am West Hafen, 26506 Norddeich \/ Norden<\/p>\n\n\n\n<h4 class=\"wp-block-heading\">Auch interessant<\/h4>\n\n\n\n<ul class=\"wp-block-list\">\n<li><a href=\"https:\/\/east-frisia.de\/norddeich\/norddeich-webcam-drachenwiese\/\">Webcam Norddeich \u2013 Gr\u00fcnstrand und Drachenwiese<\/a><\/li>\n\n\n\n<li><a href=\"https:\/\/east-frisia.de\/norddeich\/bahnhof-norddeich\/\">Bahnhof Norden \u2013 Norddeich<\/a><\/li>\n\n\n\n<li><a href=\"https:\/\/east-frisia.de\/norddeich\/seehundstation-norddeich\/\">Seehunde Norddeich<\/a><\/li>\n\n\n\n<li><a href=\"https:\/\/east-frisia.de\/norddeich\/was-liegt-neben-norddeich\/\">Was wird in Norddeich am Strand gebaut?<\/a><\/li>\n\n\n\n<li><a href=\"https:\/\/east-frisia.de\/norddeich\/ocean-wave-norddeich\/\">Ocean Wave<\/a><\/li>\n\n\n\n<li><a href=\"https:\/\/east-frisia.de\/norddeich\/bimmelbahn-norddeich\/\">Norddeich Bimmelbahn<\/a><\/li>\n<\/ul>\n","protected":false},"excerpt":{"rendered":"<p>Home > Norddeich > Gedenkst\u00e4tte Norddeich Die Gedenkst\u00e4tte &#8222;Meeresblick&#8220; in Norddeich: Ein Ort der Erinnerung, der Trauer und des Friedens Die Gedenkst\u00e4tte &#8222;Meeresblick&#8220; im malerischen K\u00fcstenort Norddeich, der zur Stadt Norden in Niedersachsen geh\u00f6rt, ist ein einzigartiger Ort, der den Menschen einen Platz zum Innehalten und Gedenken bietet. In einer beeindruckenden Lage direkt an der &#8230; <a title=\"Gedenkst\u00e4tte Norddeich\" class=\"read-more\" href=\"https:\/\/east-frisia.de\/norddeich\/gedenkstaette-norddeich\/\" aria-label=\"Mehr zu Gedenkst\u00e4tte Norddeich\">Weiterlesen &#8230;<\/a><\/p>\n","protected":false},"author":1,"featured_media":56,"comment_status":"closed","ping_status":"closed","sticky":false,"template":"","format":"standard","meta":{"_lmt_disableupdate":"","_lmt_disable":"","footnotes":""},"categories":[1],"tags":[],"class_list":["post-55","post","type-post","status-publish","format-standard","has-post-thumbnail","hentry","category-norddeich","wpcat-1-id"],"yoast_head":"<!-- This site is optimized with the Yoast SEO plugin v27.5 - https:\/\/yoast.com\/product\/yoast-seo-wordpress\/ -->\n<title>Gedenkst\u00e4tte Norddeich am Gr\u00fcnstrand - Seebestattung Norddeich<\/title>\n<meta name=\"description\" content=\"Die Gedenkst\u00e4tte Norddeich besteht aus einer Granit-Stele, auf der Plaketten mit den Daten der Verstorbenen angebracht wurden\" \/>\n<meta name=\"robots\" content=\"index, follow, max-snippet:-1, max-image-preview:large, max-video-preview:-1\" \/>\n<link rel=\"canonical\" href=\"https:\/\/east-frisia.de\/norddeich\/gedenkstaette-norddeich\/\" \/>\n<meta property=\"og:locale\" content=\"de_DE\" \/>\n<meta property=\"og:type\" content=\"article\" \/>\n<meta property=\"og:title\" content=\"Gedenkst\u00e4tte Norddeich am Gr\u00fcnstrand - Seebestattung Norddeich\" \/>\n<meta property=\"og:description\" content=\"Die Gedenkst\u00e4tte Norddeich besteht aus einer Granit-Stele, auf der Plaketten mit den Daten der Verstorbenen angebracht wurden\" \/>\n<meta property=\"og:url\" content=\"https:\/\/east-frisia.de\/norddeich\/gedenkstaette-norddeich\/\" \/>\n<meta property=\"og:site_name\" content=\"Norddeich f\u00fcr Urlauber\" \/>\n<meta property=\"article:published_time\" content=\"2022-06-21T19:27:34+00:00\" \/>\n<meta property=\"article:modified_time\" content=\"2024-12-09T12:22:13+00:00\" \/>\n<meta property=\"og:image\" content=\"https:\/\/east-frisia.de\/norddeich\/wp-content\/uploads\/sites\/3\/2022\/06\/Gedenkstaette-Norddeich.jpg\" \/>\n\t<meta property=\"og:image:width\" content=\"640\" \/>\n\t<meta property=\"og:image:height\" content=\"360\" \/>\n\t<meta property=\"og:image:type\" content=\"image\/jpeg\" \/>\n<meta name=\"author\" content=\"Admin\" \/>\n<meta name=\"twitter:card\" content=\"summary_large_image\" \/>\n<meta name=\"twitter:label1\" content=\"Verfasst von\" \/>\n\t<meta name=\"twitter:data1\" content=\"Admin\" \/>\n\t<meta name=\"twitter:label2\" content=\"Gesch\u00e4tzte Lesezeit\" \/>\n\t<meta name=\"twitter:data2\" content=\"6\u00a0Minuten\" \/>\n<script type=\"application\/ld+json\" class=\"yoast-schema-graph\">{\"@context\":\"https:\\\/\\\/schema.org\",\"@graph\":[{\"@type\":\"Article\",\"@id\":\"https:\\\/\\\/east-frisia.de\\\/norddeich\\\/gedenkstaette-norddeich\\\/#article\",\"isPartOf\":{\"@id\":\"https:\\\/\\\/east-frisia.de\\\/norddeich\\\/gedenkstaette-norddeich\\\/\"},\"author\":{\"name\":\"Admin\",\"@id\":\"https:\\\/\\\/east-frisia.de\\\/norddeich\\\/#\\\/schema\\\/person\\\/663d1fd7cddd40aa86fac10c34eb6eb9\"},\"headline\":\"Gedenkst\u00e4tte Norddeich\",\"datePublished\":\"2022-06-21T19:27:34+00:00\",\"dateModified\":\"2024-12-09T12:22:13+00:00\",\"mainEntityOfPage\":{\"@id\":\"https:\\\/\\\/east-frisia.de\\\/norddeich\\\/gedenkstaette-norddeich\\\/\"},\"wordCount\":921,\"publisher\":{\"@id\":\"https:\\\/\\\/east-frisia.de\\\/norddeich\\\/#organization\"},\"image\":{\"@id\":\"https:\\\/\\\/east-frisia.de\\\/norddeich\\\/gedenkstaette-norddeich\\\/#primaryimage\"},\"thumbnailUrl\":\"https:\\\/\\\/east-frisia.de\\\/norddeich\\\/wp-content\\\/uploads\\\/sites\\\/3\\\/2022\\\/06\\\/Gedenkstaette-Norddeich.jpg\",\"articleSection\":[\"Norddeich\"],\"inLanguage\":\"de\"},{\"@type\":\"WebPage\",\"@id\":\"https:\\\/\\\/east-frisia.de\\\/norddeich\\\/gedenkstaette-norddeich\\\/\",\"url\":\"https:\\\/\\\/east-frisia.de\\\/norddeich\\\/gedenkstaette-norddeich\\\/\",\"name\":\"Gedenkst\u00e4tte Norddeich am Gr\u00fcnstrand - Seebestattung Norddeich\",\"isPartOf\":{\"@id\":\"https:\\\/\\\/east-frisia.de\\\/norddeich\\\/#website\"},\"primaryImageOfPage\":{\"@id\":\"https:\\\/\\\/east-frisia.de\\\/norddeich\\\/gedenkstaette-norddeich\\\/#primaryimage\"},\"image\":{\"@id\":\"https:\\\/\\\/east-frisia.de\\\/norddeich\\\/gedenkstaette-norddeich\\\/#primaryimage\"},\"thumbnailUrl\":\"https:\\\/\\\/east-frisia.de\\\/norddeich\\\/wp-content\\\/uploads\\\/sites\\\/3\\\/2022\\\/06\\\/Gedenkstaette-Norddeich.jpg\",\"datePublished\":\"2022-06-21T19:27:34+00:00\",\"dateModified\":\"2024-12-09T12:22:13+00:00\",\"description\":\"Die Gedenkst\u00e4tte Norddeich besteht aus einer Granit-Stele, auf der Plaketten mit den Daten der Verstorbenen angebracht wurden\",\"breadcrumb\":{\"@id\":\"https:\\\/\\\/east-frisia.de\\\/norddeich\\\/gedenkstaette-norddeich\\\/#breadcrumb\"},\"inLanguage\":\"de\",\"potentialAction\":[{\"@type\":\"ReadAction\",\"target\":[\"https:\\\/\\\/east-frisia.de\\\/norddeich\\\/gedenkstaette-norddeich\\\/\"]}]},{\"@type\":\"ImageObject\",\"inLanguage\":\"de\",\"@id\":\"https:\\\/\\\/east-frisia.de\\\/norddeich\\\/gedenkstaette-norddeich\\\/#primaryimage\",\"url\":\"https:\\\/\\\/east-frisia.de\\\/norddeich\\\/wp-content\\\/uploads\\\/sites\\\/3\\\/2022\\\/06\\\/Gedenkstaette-Norddeich.jpg\",\"contentUrl\":\"https:\\\/\\\/east-frisia.de\\\/norddeich\\\/wp-content\\\/uploads\\\/sites\\\/3\\\/2022\\\/06\\\/Gedenkstaette-Norddeich.jpg\",\"width\":640,\"height\":360},{\"@type\":\"BreadcrumbList\",\"@id\":\"https:\\\/\\\/east-frisia.de\\\/norddeich\\\/gedenkstaette-norddeich\\\/#breadcrumb\",\"itemListElement\":[{\"@type\":\"ListItem\",\"position\":1,\"name\":\"Startseite\",\"item\":\"https:\\\/\\\/east-frisia.de\\\/norddeich\\\/\"},{\"@type\":\"ListItem\",\"position\":2,\"name\":\"Gedenkst\u00e4tte Norddeich\"}]},{\"@type\":\"WebSite\",\"@id\":\"https:\\\/\\\/east-frisia.de\\\/norddeich\\\/#website\",\"url\":\"https:\\\/\\\/east-frisia.de\\\/norddeich\\\/\",\"name\":\"Norddeich f\u00fcr Urlauber\",\"description\":\"Norddeich Nordsee Urlaub\",\"publisher\":{\"@id\":\"https:\\\/\\\/east-frisia.de\\\/norddeich\\\/#organization\"},\"potentialAction\":[{\"@type\":\"SearchAction\",\"target\":{\"@type\":\"EntryPoint\",\"urlTemplate\":\"https:\\\/\\\/east-frisia.de\\\/norddeich\\\/?s={search_term_string}\"},\"query-input\":{\"@type\":\"PropertyValueSpecification\",\"valueRequired\":true,\"valueName\":\"search_term_string\"}}],\"inLanguage\":\"de\"},{\"@type\":\"Organization\",\"@id\":\"https:\\\/\\\/east-frisia.de\\\/norddeich\\\/#organization\",\"name\":\"Norddeich f\u00fcr Urlauber\",\"url\":\"https:\\\/\\\/east-frisia.de\\\/norddeich\\\/\",\"logo\":{\"@type\":\"ImageObject\",\"inLanguage\":\"de\",\"@id\":\"https:\\\/\\\/east-frisia.de\\\/norddeich\\\/#\\\/schema\\\/logo\\\/image\\\/\",\"url\":\"https:\\\/\\\/east-frisia.de\\\/norddeich\\\/wp-content\\\/uploads\\\/sites\\\/3\\\/2022\\\/06\\\/Bimmelbahn-Norddeich.jpg\",\"contentUrl\":\"https:\\\/\\\/east-frisia.de\\\/norddeich\\\/wp-content\\\/uploads\\\/sites\\\/3\\\/2022\\\/06\\\/Bimmelbahn-Norddeich.jpg\",\"width\":640,\"height\":360,\"caption\":\"Norddeich f\u00fcr Urlauber\"},\"image\":{\"@id\":\"https:\\\/\\\/east-frisia.de\\\/norddeich\\\/#\\\/schema\\\/logo\\\/image\\\/\"}},{\"@type\":\"Person\",\"@id\":\"https:\\\/\\\/east-frisia.de\\\/norddeich\\\/#\\\/schema\\\/person\\\/663d1fd7cddd40aa86fac10c34eb6eb9\",\"name\":\"Admin\",\"image\":{\"@type\":\"ImageObject\",\"inLanguage\":\"de\",\"@id\":\"https:\\\/\\\/secure.gravatar.com\\\/avatar\\\/834f2f8fc05166177e7589f35d7583428ca92ef0142e86f8d6f9bca5a9ee8014?s=96&d=mm&r=g\",\"url\":\"https:\\\/\\\/secure.gravatar.com\\\/avatar\\\/834f2f8fc05166177e7589f35d7583428ca92ef0142e86f8d6f9bca5a9ee8014?s=96&d=mm&r=g\",\"contentUrl\":\"https:\\\/\\\/secure.gravatar.com\\\/avatar\\\/834f2f8fc05166177e7589f35d7583428ca92ef0142e86f8d6f9bca5a9ee8014?s=96&d=mm&r=g\",\"caption\":\"Admin\"},\"sameAs\":[\"http:\\\/\\\/www.east-frisia.de\"],\"url\":\"https:\\\/\\\/east-frisia.de\\\/norddeich\\\/author\\\/admin\\\/\"}]}<\/script>\n<!-- \/ Yoast SEO plugin. -->","yoast_head_json":{"title":"Gedenkst\u00e4tte Norddeich am Gr\u00fcnstrand - Seebestattung Norddeich","description":"Die Gedenkst\u00e4tte Norddeich besteht aus einer Granit-Stele, auf der Plaketten mit den Daten der Verstorbenen angebracht wurden","robots":{"index":"index","follow":"follow","max-snippet":"max-snippet:-1","max-image-preview":"max-image-preview:large","max-video-preview":"max-video-preview:-1"},"canonical":"https:\/\/east-frisia.de\/norddeich\/gedenkstaette-norddeich\/","og_locale":"de_DE","og_type":"article","og_title":"Gedenkst\u00e4tte Norddeich am Gr\u00fcnstrand - Seebestattung Norddeich","og_description":"Die Gedenkst\u00e4tte Norddeich besteht aus einer Granit-Stele, auf der Plaketten mit den Daten der Verstorbenen angebracht wurden","og_url":"https:\/\/east-frisia.de\/norddeich\/gedenkstaette-norddeich\/","og_site_name":"Norddeich f\u00fcr Urlauber","article_published_time":"2022-06-21T19:27:34+00:00","article_modified_time":"2024-12-09T12:22:13+00:00","og_image":[{"width":640,"height":360,"url":"https:\/\/east-frisia.de\/norddeich\/wp-content\/uploads\/sites\/3\/2022\/06\/Gedenkstaette-Norddeich.jpg","type":"image\/jpeg"}],"author":"Admin","twitter_card":"summary_large_image","twitter_misc":{"Verfasst von":"Admin","Gesch\u00e4tzte Lesezeit":"6\u00a0Minuten"},"schema":{"@context":"https:\/\/schema.org","@graph":[{"@type":"Article","@id":"https:\/\/east-frisia.de\/norddeich\/gedenkstaette-norddeich\/#article","isPartOf":{"@id":"https:\/\/east-frisia.de\/norddeich\/gedenkstaette-norddeich\/"},"author":{"name":"Admin","@id":"https:\/\/east-frisia.de\/norddeich\/#\/schema\/person\/663d1fd7cddd40aa86fac10c34eb6eb9"},"headline":"Gedenkst\u00e4tte Norddeich","datePublished":"2022-06-21T19:27:34+00:00","dateModified":"2024-12-09T12:22:13+00:00","mainEntityOfPage":{"@id":"https:\/\/east-frisia.de\/norddeich\/gedenkstaette-norddeich\/"},"wordCount":921,"publisher":{"@id":"https:\/\/east-frisia.de\/norddeich\/#organization"},"image":{"@id":"https:\/\/east-frisia.de\/norddeich\/gedenkstaette-norddeich\/#primaryimage"},"thumbnailUrl":"https:\/\/east-frisia.de\/norddeich\/wp-content\/uploads\/sites\/3\/2022\/06\/Gedenkstaette-Norddeich.jpg","articleSection":["Norddeich"],"inLanguage":"de"},{"@type":"WebPage","@id":"https:\/\/east-frisia.de\/norddeich\/gedenkstaette-norddeich\/","url":"https:\/\/east-frisia.de\/norddeich\/gedenkstaette-norddeich\/","name":"Gedenkst\u00e4tte Norddeich am Gr\u00fcnstrand - Seebestattung Norddeich","isPartOf":{"@id":"https:\/\/east-frisia.de\/norddeich\/#website"},"primaryImageOfPage":{"@id":"https:\/\/east-frisia.de\/norddeich\/gedenkstaette-norddeich\/#primaryimage"},"image":{"@id":"https:\/\/east-frisia.de\/norddeich\/gedenkstaette-norddeich\/#primaryimage"},"thumbnailUrl":"https:\/\/east-frisia.de\/norddeich\/wp-content\/uploads\/sites\/3\/2022\/06\/Gedenkstaette-Norddeich.jpg","datePublished":"2022-06-21T19:27:34+00:00","dateModified":"2024-12-09T12:22:13+00:00","description":"Die Gedenkst\u00e4tte Norddeich besteht aus einer Granit-Stele, auf der Plaketten mit den Daten der Verstorbenen angebracht wurden","breadcrumb":{"@id":"https:\/\/east-frisia.de\/norddeich\/gedenkstaette-norddeich\/#breadcrumb"},"inLanguage":"de","potentialAction":[{"@type":"ReadAction","target":["https:\/\/east-frisia.de\/norddeich\/gedenkstaette-norddeich\/"]}]},{"@type":"ImageObject","inLanguage":"de","@id":"https:\/\/east-frisia.de\/norddeich\/gedenkstaette-norddeich\/#primaryimage","url":"https:\/\/east-frisia.de\/norddeich\/wp-content\/uploads\/sites\/3\/2022\/06\/Gedenkstaette-Norddeich.jpg","contentUrl":"https:\/\/east-frisia.de\/norddeich\/wp-content\/uploads\/sites\/3\/2022\/06\/Gedenkstaette-Norddeich.jpg","width":640,"height":360},{"@type":"BreadcrumbList","@id":"https:\/\/east-frisia.de\/norddeich\/gedenkstaette-norddeich\/#breadcrumb","itemListElement":[{"@type":"ListItem","position":1,"name":"Startseite","item":"https:\/\/east-frisia.de\/norddeich\/"},{"@type":"ListItem","position":2,"name":"Gedenkst\u00e4tte Norddeich"}]},{"@type":"WebSite","@id":"https:\/\/east-frisia.de\/norddeich\/#website","url":"https:\/\/east-frisia.de\/norddeich\/","name":"Norddeich f\u00fcr Urlauber","description":"Norddeich Nordsee Urlaub","publisher":{"@id":"https:\/\/east-frisia.de\/norddeich\/#organization"},"potentialAction":[{"@type":"SearchAction","target":{"@type":"EntryPoint","urlTemplate":"https:\/\/east-frisia.de\/norddeich\/?s={search_term_string}"},"query-input":{"@type":"PropertyValueSpecification","valueRequired":true,"valueName":"search_term_string"}}],"inLanguage":"de"},{"@type":"Organization","@id":"https:\/\/east-frisia.de\/norddeich\/#organization","name":"Norddeich f\u00fcr Urlauber","url":"https:\/\/east-frisia.de\/norddeich\/","logo":{"@type":"ImageObject","inLanguage":"de","@id":"https:\/\/east-frisia.de\/norddeich\/#\/schema\/logo\/image\/","url":"https:\/\/east-frisia.de\/norddeich\/wp-content\/uploads\/sites\/3\/2022\/06\/Bimmelbahn-Norddeich.jpg","contentUrl":"https:\/\/east-frisia.de\/norddeich\/wp-content\/uploads\/sites\/3\/2022\/06\/Bimmelbahn-Norddeich.jpg","width":640,"height":360,"caption":"Norddeich f\u00fcr Urlauber"},"image":{"@id":"https:\/\/east-frisia.de\/norddeich\/#\/schema\/logo\/image\/"}},{"@type":"Person","@id":"https:\/\/east-frisia.de\/norddeich\/#\/schema\/person\/663d1fd7cddd40aa86fac10c34eb6eb9","name":"Admin","image":{"@type":"ImageObject","inLanguage":"de","@id":"https:\/\/secure.gravatar.com\/avatar\/834f2f8fc05166177e7589f35d7583428ca92ef0142e86f8d6f9bca5a9ee8014?s=96&d=mm&r=g","url":"https:\/\/secure.gravatar.com\/avatar\/834f2f8fc05166177e7589f35d7583428ca92ef0142e86f8d6f9bca5a9ee8014?s=96&d=mm&r=g","contentUrl":"https:\/\/secure.gravatar.com\/avatar\/834f2f8fc05166177e7589f35d7583428ca92ef0142e86f8d6f9bca5a9ee8014?s=96&d=mm&r=g","caption":"Admin"},"sameAs":["http:\/\/www.east-frisia.de"],"url":"https:\/\/east-frisia.de\/norddeich\/author\/admin\/"}]}},"modified_by":"Admin","_links":{"self":[{"href":"https:\/\/east-frisia.de\/norddeich\/wp-json\/wp\/v2\/posts\/55","targetHints":{"allow":["GET"]}}],"collection":[{"href":"https:\/\/east-frisia.de\/norddeich\/wp-json\/wp\/v2\/posts"}],"about":[{"href":"https:\/\/east-frisia.de\/norddeich\/wp-json\/wp\/v2\/types\/post"}],"author":[{"embeddable":true,"href":"https:\/\/east-frisia.de\/norddeich\/wp-json\/wp\/v2\/users\/1"}],"replies":[{"embeddable":true,"href":"https:\/\/east-frisia.de\/norddeich\/wp-json\/wp\/v2\/comments?post=55"}],"version-history":[{"count":4,"href":"https:\/\/east-frisia.de\/norddeich\/wp-json\/wp\/v2\/posts\/55\/revisions"}],"predecessor-version":[{"id":251,"href":"https:\/\/east-frisia.de\/norddeich\/wp-json\/wp\/v2\/posts\/55\/revisions\/251"}],"wp:featuredmedia":[{"embeddable":true,"href":"https:\/\/east-frisia.de\/norddeich\/wp-json\/wp\/v2\/media\/56"}],"wp:attachment":[{"href":"https:\/\/east-frisia.de\/norddeich\/wp-json\/wp\/v2\/media?parent=55"}],"wp:term":[{"taxonomy":"category","embeddable":true,"href":"https:\/\/east-frisia.de\/norddeich\/wp-json\/wp\/v2\/categories?post=55"},{"taxonomy":"post_tag","embeddable":true,"href":"https:\/\/east-frisia.de\/norddeich\/wp-json\/wp\/v2\/tags?post=55"}],"curies":[{"name":"wp","href":"https:\/\/api.w.org\/{rel}","templated":true}]}}