{"id":26,"date":"2024-05-25T11:21:45","date_gmt":"2024-05-25T09:21:45","guid":{"rendered":"https:\/\/east-frisia.de\/papenburg\/?page_id=26"},"modified":"2025-06-09T11:41:37","modified_gmt":"2025-06-09T09:41:37","slug":"internationales-fest-in-papenburg-ein-tag-der-vielfalt-und-des-miteinanders","status":"publish","type":"post","link":"https:\/\/east-frisia.de\/papenburg\/internationales-fest-in-papenburg-ein-tag-der-vielfalt-und-des-miteinanders\/","title":{"rendered":"Internationales Fest in Papenburg: Ein Tag der Vielfalt und des Miteinanders"},"content":{"rendered":"\n<p>Am Samstag verwandelte sich die Stadt Papenburg in ein buntes Zentrum der Kulturen und des internationalen Austauschs. Der Kreisverband Emsland des Deutschen Roten Kreuzes (DRK) hatte zum Internationalen Fest eingeladen, und die Resonanz war \u00fcberw\u00e4ltigend. Zahlreiche Besucher str\u00f6mten ab 13 Uhr zur Alten Werft, um das vielseitige B\u00fchnenprogramm und die besondere Atmosph\u00e4re zu genie\u00dfen.<\/p>\n\n\n\n<figure class=\"wp-block-embed is-type-video is-provider-youtube wp-block-embed-youtube wp-embed-aspect-16-9 wp-has-aspect-ratio\"><div class=\"wp-block-embed__wrapper\">\n<iframe loading=\"lazy\" title=\"Internationales Fest Papenburg mit Fl\u00fcchtlingsschiff im Hafen\" width=\"1200\" height=\"675\" src=\"https:\/\/www.youtube.com\/embed\/dhsPm3pAxYo?feature=oembed\" frameborder=\"0\" allow=\"accelerometer; autoplay; clipboard-write; encrypted-media; gyroscope; picture-in-picture; web-share\" referrerpolicy=\"strict-origin-when-cross-origin\" allowfullscreen><\/iframe>\n<\/div><figcaption class=\"wp-element-caption\"><em>Internationales Fest in Papenburg: Ein Tag der Vielfalt und des Miteinanders<\/em><\/figcaption><\/figure>\n\n\n\n<p><strong>Vielseitiges B\u00fchnenprogramm begeistert Besucher<\/strong><\/p>\n\n\n\n<p>Der \u201eArbeitskreis Internationales Fest\u201c hatte keine M\u00fchen gescheut, ein abwechslungsreiches und spannendes Programm zusammenzustellen. Von traditionellen T\u00e4nzen \u00fcber musikalische Darbietungen bis hin zu interaktiven Workshops \u2013 f\u00fcr jeden Geschmack war etwas dabei. Die K\u00fcnstler und Gruppen, die aus verschiedenen L\u00e4ndern und Kulturen stammten, zeigten ihr K\u00f6nnen und brachten die Vielfalt der Welt nach Papenburg.<\/p>\n\n\n\n<p><strong>Ein besonderes Highlight: Das Fl\u00fcchtlingsschiff im Hafen<\/strong><\/p>\n\n\n\n<p>Ein besonderes Highlight des Festes war das im Hafen der Alten Werft liegende Fl\u00fcchtlingsschiff. Dieses Schiff, das symbolisch f\u00fcr die Reise und die Herausforderungen von Fl\u00fcchtlingen steht, zog zahlreiche Besucher an. Es diente nicht nur als Mahnmal f\u00fcr die schwierigen Bedingungen, unter denen viele Menschen ihre Heimat verlassen m\u00fcssen, sondern auch als Plattform f\u00fcr Gespr\u00e4che und Austausch. Besucher hatten die M\u00f6glichkeit, das Schiff zu besichtigen und sich \u00fcber die Geschichten und Schicksale der Menschen, die darauf gefl\u00fcchtet sind, zu informieren.<\/p>\n\n\n\n<p><strong>Gemeinschaft und Integration im Fokus<\/strong><\/p>\n\n\n\n<p>Das Internationale Fest war nicht nur eine Feier der kulturellen Vielfalt, sondern auch ein starkes Zeichen f\u00fcr Gemeinschaft und Integration. Verschiedene Organisationen und Initiativen, die sich f\u00fcr die Unterst\u00fctzung und Integration von Fl\u00fcchtlingen einsetzen, waren vor Ort und informierten \u00fcber ihre Arbeit. Die Besucher konnten sich an Informationsst\u00e4nden \u00fcber verschiedene Projekte und Hilfsangebote informieren und so aktiv zur Unterst\u00fctzung beitragen.<\/p>\n\n\n\n<p><strong>Kulinarische Reise um die Welt<\/strong><\/p>\n\n\n\n<p>Neben den kulturellen Darbietungen bot das Fest auch eine kulinarische Reise um die Welt. Zahlreiche St\u00e4nde boten Speisen und Getr\u00e4nke aus verschiedenen L\u00e4ndern an. Von orientalischen K\u00f6stlichkeiten bis hin zu europ\u00e4ischen Spezialit\u00e4ten \u2013 die Besucher konnten sich durch die internationalen K\u00fcchen probieren und neue Geschmacksrichtungen entdecken.<\/p>\n\n\n\n<p><strong>Ein Tag der Begegnung und des Verst\u00e4ndnisses<\/strong><\/p>\n\n\n\n<p>Das Internationale Fest in Papenburg war ein voller Erfolg und ein wichtiger Beitrag zum interkulturellen Verst\u00e4ndnis und zur Integration. Es bot eine Plattform, auf der Menschen unterschiedlicher Herkunft miteinander ins Gespr\u00e4ch kommen, Vorurteile abbauen und neue Freundschaften schlie\u00dfen konnten. Die positive Stimmung und das Miteinander zeigten, wie wichtig und bereichernd Vielfalt f\u00fcr eine Gesellschaft ist.<\/p>\n\n\n\n<p><strong>Ausblick und Dank<\/strong><\/p>\n\n\n\n<p>Die Organisatoren des Festes, der Kreisverband Emsland des DRK und der \u201eArbeitskreis Internationales Fest\u201c, zeigten sich zufrieden mit dem Verlauf des Tages und der gro\u00dfen Beteiligung. Sie dankten allen Helfern, K\u00fcnstlern und Besuchern, die das Fest zu einem unvergesslichen Erlebnis gemacht haben. Ein besonderer Dank ging auch an die Stadt Papenburg und die vielen freiwilligen Helfer, die das Fest unterst\u00fctzt haben.<\/p>\n\n\n\n<p>Die Planungen f\u00fcr das n\u00e4chste Internationale Fest laufen bereits, und die Organisatoren freuen sich darauf, auch im kommenden Jahr wieder zahlreiche Besucher begr\u00fc\u00dfen zu d\u00fcrfen. Das Fest soll weiterhin ein Ort der Begegnung und des Miteinanders sein, an dem die kulturelle Vielfalt gefeiert und die Integration gef\u00f6rdert wird.<\/p>\n","protected":false},"excerpt":{"rendered":"<p>Am Samstag verwandelte sich die Stadt Papenburg in ein buntes Zentrum der Kulturen und des internationalen Austauschs. Der Kreisverband Emsland des Deutschen Roten Kreuzes (DRK) hatte zum Internationalen Fest eingeladen, und die Resonanz war \u00fcberw\u00e4ltigend. Zahlreiche Besucher str\u00f6mten ab 13 Uhr zur Alten Werft, um das vielseitige B\u00fchnenprogramm und die besondere Atmosph\u00e4re zu genie\u00dfen. Vielseitiges &#8230; <a title=\"Internationales Fest in Papenburg: Ein Tag der Vielfalt und des Miteinanders\" class=\"read-more\" href=\"https:\/\/east-frisia.de\/papenburg\/internationales-fest-in-papenburg-ein-tag-der-vielfalt-und-des-miteinanders\/\" aria-label=\"Mehr Informationen \u00fcber Internationales Fest in Papenburg: Ein Tag der Vielfalt und des Miteinanders\">Weiterlesen &#8230;<\/a><\/p>\n","protected":false},"author":1,"featured_media":37,"comment_status":"closed","ping_status":"closed","sticky":false,"template":"","format":"standard","meta":{"_lmt_disableupdate":"","_lmt_disable":"","footnotes":""},"categories":[],"tags":[],"class_list":["post-26","post","type-post","status-publish","format-standard","has-post-thumbnail","hentry"],"yoast_head":"<!-- This site is optimized with the Yoast SEO plugin v27.5 - https:\/\/yoast.com\/product\/yoast-seo-wordpress\/ -->\n<title>Internationales Fest in Papenburg: Ein Tag der Vielfalt<\/title>\n<meta name=\"description\" content=\"Am Samstag verwandelte sich die Stadt Papenburg in ein buntes Zentrum der Kulturen und des internationalen Austauschs. Der Kreisverband Emsland des Deutschen Roten Kreuzes (DRK) hatte zum Internationalen Fest eingeladen, und die Resonanz war \u00fcberw\u00e4ltigend. Zahlreiche Besucher str\u00f6mten ab 13 Uhr zur Alten Werft, um das vielseitige B\u00fchnenprogramm und die besondere Atmosph\u00e4re zu genie\u00dfen.\" \/>\n<meta name=\"robots\" content=\"index, follow, max-snippet:-1, max-image-preview:large, max-video-preview:-1\" \/>\n<link rel=\"canonical\" href=\"https:\/\/east-frisia.de\/papenburg\/internationales-fest-in-papenburg-ein-tag-der-vielfalt-und-des-miteinanders\/\" \/>\n<meta property=\"og:locale\" content=\"de_DE\" \/>\n<meta property=\"og:type\" content=\"article\" \/>\n<meta property=\"og:title\" content=\"Internationales Fest in Papenburg: Ein Tag der Vielfalt\" \/>\n<meta property=\"og:description\" content=\"Am Samstag verwandelte sich die Stadt Papenburg in ein buntes Zentrum der Kulturen und des internationalen Austauschs. Der Kreisverband Emsland des Deutschen Roten Kreuzes (DRK) hatte zum Internationalen Fest eingeladen, und die Resonanz war \u00fcberw\u00e4ltigend. Zahlreiche Besucher str\u00f6mten ab 13 Uhr zur Alten Werft, um das vielseitige B\u00fchnenprogramm und die besondere Atmosph\u00e4re zu genie\u00dfen.\" \/>\n<meta property=\"og:url\" content=\"https:\/\/east-frisia.de\/papenburg\/internationales-fest-in-papenburg-ein-tag-der-vielfalt-und-des-miteinanders\/\" \/>\n<meta property=\"og:site_name\" content=\"Papenburg\" \/>\n<meta property=\"article:published_time\" content=\"2024-05-25T09:21:45+00:00\" \/>\n<meta property=\"article:modified_time\" content=\"2025-06-09T09:41:37+00:00\" \/>\n<meta property=\"og:image\" content=\"https:\/\/east-frisia.de\/papenburg\/wp-content\/uploads\/sites\/10\/2025\/06\/internationales-fest-in-papenbur.jpg\" \/>\n\t<meta property=\"og:image:width\" content=\"1280\" \/>\n\t<meta property=\"og:image:height\" content=\"720\" \/>\n\t<meta property=\"og:image:type\" content=\"image\/jpeg\" \/>\n<meta name=\"author\" content=\"Admin\" \/>\n<meta name=\"twitter:card\" content=\"summary_large_image\" \/>\n<meta name=\"twitter:label1\" content=\"Verfasst von\" \/>\n\t<meta name=\"twitter:data1\" content=\"Admin\" \/>\n\t<meta name=\"twitter:label2\" content=\"Gesch\u00e4tzte Lesezeit\" \/>\n\t<meta name=\"twitter:data2\" content=\"3\u00a0Minuten\" \/>\n<script type=\"application\/ld+json\" class=\"yoast-schema-graph\">{\"@context\":\"https:\\\/\\\/schema.org\",\"@graph\":[{\"@type\":\"Article\",\"@id\":\"https:\\\/\\\/east-frisia.de\\\/papenburg\\\/internationales-fest-in-papenburg-ein-tag-der-vielfalt-und-des-miteinanders\\\/#article\",\"isPartOf\":{\"@id\":\"https:\\\/\\\/east-frisia.de\\\/papenburg\\\/internationales-fest-in-papenburg-ein-tag-der-vielfalt-und-des-miteinanders\\\/\"},\"author\":{\"name\":\"Admin\",\"@id\":\"https:\\\/\\\/east-frisia.de\\\/papenburg\\\/#\\\/schema\\\/person\\\/663d1fd7cddd40aa86fac10c34eb6eb9\"},\"headline\":\"Internationales Fest in Papenburg: Ein Tag der Vielfalt und des Miteinanders\",\"datePublished\":\"2024-05-25T09:21:45+00:00\",\"dateModified\":\"2025-06-09T09:41:37+00:00\",\"mainEntityOfPage\":{\"@id\":\"https:\\\/\\\/east-frisia.de\\\/papenburg\\\/internationales-fest-in-papenburg-ein-tag-der-vielfalt-und-des-miteinanders\\\/\"},\"wordCount\":563,\"image\":{\"@id\":\"https:\\\/\\\/east-frisia.de\\\/papenburg\\\/internationales-fest-in-papenburg-ein-tag-der-vielfalt-und-des-miteinanders\\\/#primaryimage\"},\"thumbnailUrl\":\"https:\\\/\\\/east-frisia.de\\\/papenburg\\\/wp-content\\\/uploads\\\/sites\\\/10\\\/2025\\\/06\\\/internationales-fest-in-papenbur.jpg\",\"inLanguage\":\"de\"},{\"@type\":\"WebPage\",\"@id\":\"https:\\\/\\\/east-frisia.de\\\/papenburg\\\/internationales-fest-in-papenburg-ein-tag-der-vielfalt-und-des-miteinanders\\\/\",\"url\":\"https:\\\/\\\/east-frisia.de\\\/papenburg\\\/internationales-fest-in-papenburg-ein-tag-der-vielfalt-und-des-miteinanders\\\/\",\"name\":\"Internationales Fest in Papenburg: Ein Tag der Vielfalt\",\"isPartOf\":{\"@id\":\"https:\\\/\\\/east-frisia.de\\\/papenburg\\\/#website\"},\"primaryImageOfPage\":{\"@id\":\"https:\\\/\\\/east-frisia.de\\\/papenburg\\\/internationales-fest-in-papenburg-ein-tag-der-vielfalt-und-des-miteinanders\\\/#primaryimage\"},\"image\":{\"@id\":\"https:\\\/\\\/east-frisia.de\\\/papenburg\\\/internationales-fest-in-papenburg-ein-tag-der-vielfalt-und-des-miteinanders\\\/#primaryimage\"},\"thumbnailUrl\":\"https:\\\/\\\/east-frisia.de\\\/papenburg\\\/wp-content\\\/uploads\\\/sites\\\/10\\\/2025\\\/06\\\/internationales-fest-in-papenbur.jpg\",\"datePublished\":\"2024-05-25T09:21:45+00:00\",\"dateModified\":\"2025-06-09T09:41:37+00:00\",\"author\":{\"@id\":\"https:\\\/\\\/east-frisia.de\\\/papenburg\\\/#\\\/schema\\\/person\\\/663d1fd7cddd40aa86fac10c34eb6eb9\"},\"description\":\"Am Samstag verwandelte sich die Stadt Papenburg in ein buntes Zentrum der Kulturen und des internationalen Austauschs. Der Kreisverband Emsland des Deutschen Roten Kreuzes (DRK) hatte zum Internationalen Fest eingeladen, und die Resonanz war \u00fcberw\u00e4ltigend. Zahlreiche Besucher str\u00f6mten ab 13 Uhr zur Alten Werft, um das vielseitige B\u00fchnenprogramm und die besondere Atmosph\u00e4re zu genie\u00dfen.\",\"breadcrumb\":{\"@id\":\"https:\\\/\\\/east-frisia.de\\\/papenburg\\\/internationales-fest-in-papenburg-ein-tag-der-vielfalt-und-des-miteinanders\\\/#breadcrumb\"},\"inLanguage\":\"de\",\"potentialAction\":[{\"@type\":\"ReadAction\",\"target\":[\"https:\\\/\\\/east-frisia.de\\\/papenburg\\\/internationales-fest-in-papenburg-ein-tag-der-vielfalt-und-des-miteinanders\\\/\"]}]},{\"@type\":\"ImageObject\",\"inLanguage\":\"de\",\"@id\":\"https:\\\/\\\/east-frisia.de\\\/papenburg\\\/internationales-fest-in-papenburg-ein-tag-der-vielfalt-und-des-miteinanders\\\/#primaryimage\",\"url\":\"https:\\\/\\\/east-frisia.de\\\/papenburg\\\/wp-content\\\/uploads\\\/sites\\\/10\\\/2025\\\/06\\\/internationales-fest-in-papenbur.jpg\",\"contentUrl\":\"https:\\\/\\\/east-frisia.de\\\/papenburg\\\/wp-content\\\/uploads\\\/sites\\\/10\\\/2025\\\/06\\\/internationales-fest-in-papenbur.jpg\",\"width\":1280,\"height\":720},{\"@type\":\"BreadcrumbList\",\"@id\":\"https:\\\/\\\/east-frisia.de\\\/papenburg\\\/internationales-fest-in-papenburg-ein-tag-der-vielfalt-und-des-miteinanders\\\/#breadcrumb\",\"itemListElement\":[{\"@type\":\"ListItem\",\"position\":1,\"name\":\"Startseite\",\"item\":\"https:\\\/\\\/east-frisia.de\\\/papenburg\\\/papenburg-eine-stadt-voller-geschichte-und-maritimer-tradition\\\/\"},{\"@type\":\"ListItem\",\"position\":2,\"name\":\"Internationales Fest in Papenburg: Ein Tag der Vielfalt und des Miteinanders\"}]},{\"@type\":\"WebSite\",\"@id\":\"https:\\\/\\\/east-frisia.de\\\/papenburg\\\/#website\",\"url\":\"https:\\\/\\\/east-frisia.de\\\/papenburg\\\/\",\"name\":\"Papenburg\",\"description\":\"\",\"potentialAction\":[{\"@type\":\"SearchAction\",\"target\":{\"@type\":\"EntryPoint\",\"urlTemplate\":\"https:\\\/\\\/east-frisia.de\\\/papenburg\\\/?s={search_term_string}\"},\"query-input\":{\"@type\":\"PropertyValueSpecification\",\"valueRequired\":true,\"valueName\":\"search_term_string\"}}],\"inLanguage\":\"de\"},{\"@type\":\"Person\",\"@id\":\"https:\\\/\\\/east-frisia.de\\\/papenburg\\\/#\\\/schema\\\/person\\\/663d1fd7cddd40aa86fac10c34eb6eb9\",\"name\":\"Admin\",\"image\":{\"@type\":\"ImageObject\",\"inLanguage\":\"de\",\"@id\":\"https:\\\/\\\/secure.gravatar.com\\\/avatar\\\/834f2f8fc05166177e7589f35d7583428ca92ef0142e86f8d6f9bca5a9ee8014?s=96&d=mm&r=g\",\"url\":\"https:\\\/\\\/secure.gravatar.com\\\/avatar\\\/834f2f8fc05166177e7589f35d7583428ca92ef0142e86f8d6f9bca5a9ee8014?s=96&d=mm&r=g\",\"contentUrl\":\"https:\\\/\\\/secure.gravatar.com\\\/avatar\\\/834f2f8fc05166177e7589f35d7583428ca92ef0142e86f8d6f9bca5a9ee8014?s=96&d=mm&r=g\",\"caption\":\"Admin\"},\"sameAs\":[\"http:\\\/\\\/www.east-frisia.de\"],\"url\":\"https:\\\/\\\/east-frisia.de\\\/papenburg\\\/author\\\/admin\\\/\"}]}<\/script>\n<!-- \/ Yoast SEO plugin. -->","yoast_head_json":{"title":"Internationales Fest in Papenburg: Ein Tag der Vielfalt","description":"Am Samstag verwandelte sich die Stadt Papenburg in ein buntes Zentrum der Kulturen und des internationalen Austauschs. Der Kreisverband Emsland des Deutschen Roten Kreuzes (DRK) hatte zum Internationalen Fest eingeladen, und die Resonanz war \u00fcberw\u00e4ltigend. Zahlreiche Besucher str\u00f6mten ab 13 Uhr zur Alten Werft, um das vielseitige B\u00fchnenprogramm und die besondere Atmosph\u00e4re zu genie\u00dfen.","robots":{"index":"index","follow":"follow","max-snippet":"max-snippet:-1","max-image-preview":"max-image-preview:large","max-video-preview":"max-video-preview:-1"},"canonical":"https:\/\/east-frisia.de\/papenburg\/internationales-fest-in-papenburg-ein-tag-der-vielfalt-und-des-miteinanders\/","og_locale":"de_DE","og_type":"article","og_title":"Internationales Fest in Papenburg: Ein Tag der Vielfalt","og_description":"Am Samstag verwandelte sich die Stadt Papenburg in ein buntes Zentrum der Kulturen und des internationalen Austauschs. Der Kreisverband Emsland des Deutschen Roten Kreuzes (DRK) hatte zum Internationalen Fest eingeladen, und die Resonanz war \u00fcberw\u00e4ltigend. Zahlreiche Besucher str\u00f6mten ab 13 Uhr zur Alten Werft, um das vielseitige B\u00fchnenprogramm und die besondere Atmosph\u00e4re zu genie\u00dfen.","og_url":"https:\/\/east-frisia.de\/papenburg\/internationales-fest-in-papenburg-ein-tag-der-vielfalt-und-des-miteinanders\/","og_site_name":"Papenburg","article_published_time":"2024-05-25T09:21:45+00:00","article_modified_time":"2025-06-09T09:41:37+00:00","og_image":[{"width":1280,"height":720,"url":"https:\/\/east-frisia.de\/papenburg\/wp-content\/uploads\/sites\/10\/2025\/06\/internationales-fest-in-papenbur.jpg","type":"image\/jpeg"}],"author":"Admin","twitter_card":"summary_large_image","twitter_misc":{"Verfasst von":"Admin","Gesch\u00e4tzte Lesezeit":"3\u00a0Minuten"},"schema":{"@context":"https:\/\/schema.org","@graph":[{"@type":"Article","@id":"https:\/\/east-frisia.de\/papenburg\/internationales-fest-in-papenburg-ein-tag-der-vielfalt-und-des-miteinanders\/#article","isPartOf":{"@id":"https:\/\/east-frisia.de\/papenburg\/internationales-fest-in-papenburg-ein-tag-der-vielfalt-und-des-miteinanders\/"},"author":{"name":"Admin","@id":"https:\/\/east-frisia.de\/papenburg\/#\/schema\/person\/663d1fd7cddd40aa86fac10c34eb6eb9"},"headline":"Internationales Fest in Papenburg: Ein Tag der Vielfalt und des Miteinanders","datePublished":"2024-05-25T09:21:45+00:00","dateModified":"2025-06-09T09:41:37+00:00","mainEntityOfPage":{"@id":"https:\/\/east-frisia.de\/papenburg\/internationales-fest-in-papenburg-ein-tag-der-vielfalt-und-des-miteinanders\/"},"wordCount":563,"image":{"@id":"https:\/\/east-frisia.de\/papenburg\/internationales-fest-in-papenburg-ein-tag-der-vielfalt-und-des-miteinanders\/#primaryimage"},"thumbnailUrl":"https:\/\/east-frisia.de\/papenburg\/wp-content\/uploads\/sites\/10\/2025\/06\/internationales-fest-in-papenbur.jpg","inLanguage":"de"},{"@type":"WebPage","@id":"https:\/\/east-frisia.de\/papenburg\/internationales-fest-in-papenburg-ein-tag-der-vielfalt-und-des-miteinanders\/","url":"https:\/\/east-frisia.de\/papenburg\/internationales-fest-in-papenburg-ein-tag-der-vielfalt-und-des-miteinanders\/","name":"Internationales Fest in Papenburg: Ein Tag der Vielfalt","isPartOf":{"@id":"https:\/\/east-frisia.de\/papenburg\/#website"},"primaryImageOfPage":{"@id":"https:\/\/east-frisia.de\/papenburg\/internationales-fest-in-papenburg-ein-tag-der-vielfalt-und-des-miteinanders\/#primaryimage"},"image":{"@id":"https:\/\/east-frisia.de\/papenburg\/internationales-fest-in-papenburg-ein-tag-der-vielfalt-und-des-miteinanders\/#primaryimage"},"thumbnailUrl":"https:\/\/east-frisia.de\/papenburg\/wp-content\/uploads\/sites\/10\/2025\/06\/internationales-fest-in-papenbur.jpg","datePublished":"2024-05-25T09:21:45+00:00","dateModified":"2025-06-09T09:41:37+00:00","author":{"@id":"https:\/\/east-frisia.de\/papenburg\/#\/schema\/person\/663d1fd7cddd40aa86fac10c34eb6eb9"},"description":"Am Samstag verwandelte sich die Stadt Papenburg in ein buntes Zentrum der Kulturen und des internationalen Austauschs. Der Kreisverband Emsland des Deutschen Roten Kreuzes (DRK) hatte zum Internationalen Fest eingeladen, und die Resonanz war \u00fcberw\u00e4ltigend. Zahlreiche Besucher str\u00f6mten ab 13 Uhr zur Alten Werft, um das vielseitige B\u00fchnenprogramm und die besondere Atmosph\u00e4re zu genie\u00dfen.","breadcrumb":{"@id":"https:\/\/east-frisia.de\/papenburg\/internationales-fest-in-papenburg-ein-tag-der-vielfalt-und-des-miteinanders\/#breadcrumb"},"inLanguage":"de","potentialAction":[{"@type":"ReadAction","target":["https:\/\/east-frisia.de\/papenburg\/internationales-fest-in-papenburg-ein-tag-der-vielfalt-und-des-miteinanders\/"]}]},{"@type":"ImageObject","inLanguage":"de","@id":"https:\/\/east-frisia.de\/papenburg\/internationales-fest-in-papenburg-ein-tag-der-vielfalt-und-des-miteinanders\/#primaryimage","url":"https:\/\/east-frisia.de\/papenburg\/wp-content\/uploads\/sites\/10\/2025\/06\/internationales-fest-in-papenbur.jpg","contentUrl":"https:\/\/east-frisia.de\/papenburg\/wp-content\/uploads\/sites\/10\/2025\/06\/internationales-fest-in-papenbur.jpg","width":1280,"height":720},{"@type":"BreadcrumbList","@id":"https:\/\/east-frisia.de\/papenburg\/internationales-fest-in-papenburg-ein-tag-der-vielfalt-und-des-miteinanders\/#breadcrumb","itemListElement":[{"@type":"ListItem","position":1,"name":"Startseite","item":"https:\/\/east-frisia.de\/papenburg\/papenburg-eine-stadt-voller-geschichte-und-maritimer-tradition\/"},{"@type":"ListItem","position":2,"name":"Internationales Fest in Papenburg: Ein Tag der Vielfalt und des Miteinanders"}]},{"@type":"WebSite","@id":"https:\/\/east-frisia.de\/papenburg\/#website","url":"https:\/\/east-frisia.de\/papenburg\/","name":"Papenburg","description":"","potentialAction":[{"@type":"SearchAction","target":{"@type":"EntryPoint","urlTemplate":"https:\/\/east-frisia.de\/papenburg\/?s={search_term_string}"},"query-input":{"@type":"PropertyValueSpecification","valueRequired":true,"valueName":"search_term_string"}}],"inLanguage":"de"},{"@type":"Person","@id":"https:\/\/east-frisia.de\/papenburg\/#\/schema\/person\/663d1fd7cddd40aa86fac10c34eb6eb9","name":"Admin","image":{"@type":"ImageObject","inLanguage":"de","@id":"https:\/\/secure.gravatar.com\/avatar\/834f2f8fc05166177e7589f35d7583428ca92ef0142e86f8d6f9bca5a9ee8014?s=96&d=mm&r=g","url":"https:\/\/secure.gravatar.com\/avatar\/834f2f8fc05166177e7589f35d7583428ca92ef0142e86f8d6f9bca5a9ee8014?s=96&d=mm&r=g","contentUrl":"https:\/\/secure.gravatar.com\/avatar\/834f2f8fc05166177e7589f35d7583428ca92ef0142e86f8d6f9bca5a9ee8014?s=96&d=mm&r=g","caption":"Admin"},"sameAs":["http:\/\/www.east-frisia.de"],"url":"https:\/\/east-frisia.de\/papenburg\/author\/admin\/"}]}},"modified_by":"Admin","_links":{"self":[{"href":"https:\/\/east-frisia.de\/papenburg\/wp-json\/wp\/v2\/posts\/26","targetHints":{"allow":["GET"]}}],"collection":[{"href":"https:\/\/east-frisia.de\/papenburg\/wp-json\/wp\/v2\/posts"}],"about":[{"href":"https:\/\/east-frisia.de\/papenburg\/wp-json\/wp\/v2\/types\/post"}],"author":[{"embeddable":true,"href":"https:\/\/east-frisia.de\/papenburg\/wp-json\/wp\/v2\/users\/1"}],"replies":[{"embeddable":true,"href":"https:\/\/east-frisia.de\/papenburg\/wp-json\/wp\/v2\/comments?post=26"}],"version-history":[{"count":1,"href":"https:\/\/east-frisia.de\/papenburg\/wp-json\/wp\/v2\/posts\/26\/revisions"}],"predecessor-version":[{"id":27,"href":"https:\/\/east-frisia.de\/papenburg\/wp-json\/wp\/v2\/posts\/26\/revisions\/27"}],"wp:featuredmedia":[{"embeddable":true,"href":"https:\/\/east-frisia.de\/papenburg\/wp-json\/wp\/v2\/media\/37"}],"wp:attachment":[{"href":"https:\/\/east-frisia.de\/papenburg\/wp-json\/wp\/v2\/media?parent=26"}],"wp:term":[{"taxonomy":"category","embeddable":true,"href":"https:\/\/east-frisia.de\/papenburg\/wp-json\/wp\/v2\/categories?post=26"},{"taxonomy":"post_tag","embeddable":true,"href":"https:\/\/east-frisia.de\/papenburg\/wp-json\/wp\/v2\/tags?post=26"}],"curies":[{"name":"wp","href":"https:\/\/api.w.org\/{rel}","templated":true}]}}